{"id":3414,"date":"2014-11-27T02:12:41","date_gmt":"2014-11-27T00:12:41","guid":{"rendered":"http:\/\/www.wababbel.de\/ferdi\/?p=3414"},"modified":"2014-11-27T02:20:48","modified_gmt":"2014-11-27T00:20:48","slug":"buecher-vom-vers-56","status":"publish","type":"post","link":"https:\/\/verserzaehler.wababbel.de\/?p=3414","title":{"rendered":"B\u00fccher zum Vers (56)"},"content":{"rendered":"<p><strong>Bert Nagel: Das Reimproblem in der deutschen Dichtung. Vom Otfriedvers zum freien Vers.<\/strong><\/p>\n<p>Nagels Einleitung leistet, was eine gute Einleitung leisten muss: Sie kl\u00e4rt den Leser \u00fcber das auf, was er im Buch zu erwarten hat.\u00a0 Und h\u00e4lt sich das &#8222;Reimproblem&#8220; des Titels noch halbwegs frei von Wertungen, bezieht die Einleitung deutlicher Stellung: Von dem &#8222;\u00c4rgernis des Reims&#8220; ist dort die Rede,\u00a0 und noch sch\u00e4rfer: &#8222;Der Reim ist der Feind sprachgerechten dichterischen Ausdrucks&#8220;. Und \u00e4hnlich noch viele Male.<\/p>\n<p>Damit ist das Ziel des Buches schon deutlich gemacht. Anderes schimmert durch, wenn es hei\u00dft &#8222;Geschmackserziehung sieht sich hier an eine schwer \u00fcberschreitbare Grenze gef\u00fchrt.&#8220; Oder: &#8222;Worum es hier geht, ist Sprachverdichtung statt Sprachverschwendung, nicht Manipulation, sondern Ernstnehmen der Sprache und damit Umerziehung zu einem neuen, sprachgerechten, sprachbewussten H\u00f6ren.&#8220;<\/p>\n<p>Wenn man als Leser nun die Art im Hinterkopf beh\u00e4lt, wie alle Inhalte des Buches so ausgew\u00e4hlt wurden und eingesetzt werden, dass sie m\u00f6glichst \u00fcberzeugend erweisen, was von vorneherein als richtig vorausgesetzt wird; und wenn es ihm nichts ausmacht, von einem gelegentlichen &#8222;Umerziehungsversuch&#8220; (schon erstaunlich: man kann im gleichen Satz &#8222;Sprachbewusstsein&#8220; verwenden und den eher fragw\u00fcrdigen Ausdruck &#8222;Umerziehung&#8220;!) angerempelt zu werden; kann er diesen Band durchaus mit Gewinn zur Hand nehmen, und sei es auch nur, um zu erfahren, was denn Dichter wie Benn, Brecht, R\u00fchmkorf, Domin und Krolow zum Reim (auch) gedacht und gesagt haben.<\/p>\n<p>Erschienen ist der Band 1985 im Erich Schmidt Verlag, also vor fast 30 Jahren; aber die &#8222;Reimfrage&#8220; stellt sich ja eigentlich immer wieder neu und muss auch immer wieder neu beantwortet werden; so gesehen also auf keinen Fall ein &#8222;altes&#8220; Buch!<\/p>\n<p>(Ein anderer Band \u00e4hnliches Inhalts wurde vom Verserz\u00e4hler schon vorgstellt: <a href=\"http:\/\/www.wababbel.de\/ferdi\/2014\/06\/26\/buecher-zum-vers-36\/\" target=\"_blank\">Der Kampf um den Reim<\/a>.)<\/p>\n","protected":false},"excerpt":{"rendered":"<p>Bert Nagel: Das Reimproblem in der deutschen Dichtung. Vom Otfriedvers zum freien Vers. Nagels Einleitung leistet, was eine gute Einleitung leisten muss: Sie kl\u00e4rt den Leser \u00fcber das auf, was er im Buch zu erwarten hat.\u00a0 Und h\u00e4lt sich das &#8222;Reimproblem&#8220; des Titels noch halbwegs frei von Wertungen, bezieht die Einleitung deutlicher Stellung: Von dem&#8230; <a class=\"more-link\" href=\"https:\/\/verserzaehler.wababbel.de\/?p=3414\">Read More <span class=\"screen-reader-text\"> in B\u00fccher zum Vers (56)<\/span><\/a><\/p>\n","protected":false},"author":15,"featured_media":0,"comment_status":"open","ping_status":"open","sticky":false,"template":"","format":"standard","meta":{"footnotes":""},"categories":[],"tags":[],"class_list":["post-3414","post","type-post","status-publish","format-standard","hentry"],"_links":{"self":[{"href":"https:\/\/verserzaehler.wababbel.de\/index.php?rest_route=\/wp\/v2\/posts\/3414","targetHints":{"allow":["GET"]}}],"collection":[{"href":"https:\/\/verserzaehler.wababbel.de\/index.php?rest_route=\/wp\/v2\/posts"}],"about":[{"href":"https:\/\/verserzaehler.wababbel.de\/index.php?rest_route=\/wp\/v2\/types\/post"}],"author":[{"embeddable":true,"href":"https:\/\/verserzaehler.wababbel.de\/index.php?rest_route=\/wp\/v2\/users\/15"}],"replies":[{"embeddable":true,"href":"https:\/\/verserzaehler.wababbel.de\/index.php?rest_route=%2Fwp%2Fv2%2Fcomments&post=3414"}],"version-history":[{"count":3,"href":"https:\/\/verserzaehler.wababbel.de\/index.php?rest_route=\/wp\/v2\/posts\/3414\/revisions"}],"predecessor-version":[{"id":3421,"href":"https:\/\/verserzaehler.wababbel.de\/index.php?rest_route=\/wp\/v2\/posts\/3414\/revisions\/3421"}],"wp:attachment":[{"href":"https:\/\/verserzaehler.wababbel.de\/index.php?rest_route=%2Fwp%2Fv2%2Fmedia&parent=3414"}],"wp:term":[{"taxonomy":"category","embeddable":true,"href":"https:\/\/verserzaehler.wababbel.de\/index.php?rest_route=%2Fwp%2Fv2%2Fcategories&post=3414"},{"taxonomy":"post_tag","embeddable":true,"href":"https:\/\/verserzaehler.wababbel.de\/index.php?rest_route=%2Fwp%2Fv2%2Ftags&post=3414"}],"curies":[{"name":"wp","href":"https:\/\/api.w.org\/{rel}","templated":true}]}}