{"id":3422,"date":"2014-11-28T01:03:14","date_gmt":"2014-11-27T23:03:14","guid":{"rendered":"http:\/\/www.wababbel.de\/ferdi\/?p=3422"},"modified":"2014-11-28T09:36:12","modified_gmt":"2014-11-28T07:36:12","slug":"erzaehlverse-der-hexameter-83","status":"publish","type":"post","link":"https:\/\/verserzaehler.wababbel.de\/?p=3422","title":{"rendered":"Erz\u00e4hlverse: Der Hexameter (83)"},"content":{"rendered":"<p><strong>Goethes Wilhelm Tell<\/strong><\/p>\n<p>Johann Peter Eckermanns &#8222;Gespr\u00e4che mit Goethe&#8220; sind ein Buch, in das immer mal wieder hineinzuschauen sicher lohnt. Der Eintrag &#8222;Sonntag, den 6. Mai 1827&#8220; berichtet von Goethes Pl\u00e4nen aus dem Jahre 1797, <em>die Sage vom Tell als episches Gedicht in Hexametern zu behandeln<\/em>. Goethe berichtet dann, wie er sich den Tell gedacht hatte, wie den Ge\u00dfler, und vieles mehr; dann f\u00e4hrt er fort:<\/p>\n<p><em>Von diesem sch\u00f6nen Gegenstande war ich ganz voll, und ich summte dazu schon gelegentlich meine Hexameter. Ich sah den See im ruhigen Mondschein, erleuchtete Nebel in den Tiefen der Gebirge. Ich sah ihn im Glanz der lieblichsten Morgensonne, ein Jauchzen und Leben in Wald und Wiesen. Dann stellte ich einen Sturm dar, einen Gewittersturm, der sich aus den Schluchten auf den See wirft. Auch fehlte es nicht an n\u00e4chtlicher Stille und an heimlichen Zusammenk\u00fcnften \u00fcber Br\u00fccken und Stegen.<\/p>\n<p>Von allem diesem erz\u00e4hlte ich Schillern, in dessen Seele sich meine Landschaften und meine handelnden Figuren zu einem Drama bildeten. Und da ich andere Dinge zu tun hatte und die Ausf\u00fchrung meines Vorsatzes sich immer weiter verschob, so trat ich meinen Gegenstand Schillern v\u00f6llig ab, der denn darauf sein bewunderungsw\u00fcrdiges Gedicht schrieb.<\/em><\/p>\n<p>Und so bekam die Welt dann den Schillerschen Tell. Nicht dass ich den missen m\u00f6chte, aber die Schilderung Goethes l\u00e4sst mich doch eine Art von Verlust empfinden \u00fcber etwas, das es gar nicht gibt. Was w\u00e4ren das f\u00fcr Hexameter gewesen, mit denen Goethe See und Sturm und Zusammenk\u00fcnfte geschildert h\u00e4tte? H\u00e4tten sie gehalten, was seine drei\u00dfig Jahre sp\u00e4ter gesagten Worte versprechen? Bestimmt! Gro\u00dfartige Verse, Sprache nicht mehr, sondern schon Gesang, so wie er eben die gelegentlichen Hexameter nicht gemurmelt, sondern <em>gesummt<\/em> hat; leise gesungen.<\/p>\n","protected":false},"excerpt":{"rendered":"<p>Goethes Wilhelm Tell Johann Peter Eckermanns &#8222;Gespr\u00e4che mit Goethe&#8220; sind ein Buch, in das immer mal wieder hineinzuschauen sicher lohnt. Der Eintrag &#8222;Sonntag, den 6. Mai 1827&#8220; berichtet von Goethes Pl\u00e4nen aus dem Jahre 1797, die Sage vom Tell als episches Gedicht in Hexametern zu behandeln. Goethe berichtet dann, wie er sich den Tell gedacht&#8230; <a class=\"more-link\" href=\"https:\/\/verserzaehler.wababbel.de\/?p=3422\">Read More <span class=\"screen-reader-text\"> in Erz\u00e4hlverse: Der Hexameter (83)<\/span><\/a><\/p>\n","protected":false},"author":15,"featured_media":0,"comment_status":"open","ping_status":"open","sticky":false,"template":"","format":"standard","meta":{"footnotes":""},"categories":[],"tags":[],"class_list":["post-3422","post","type-post","status-publish","format-standard","hentry"],"_links":{"self":[{"href":"https:\/\/verserzaehler.wababbel.de\/index.php?rest_route=\/wp\/v2\/posts\/3422","targetHints":{"allow":["GET"]}}],"collection":[{"href":"https:\/\/verserzaehler.wababbel.de\/index.php?rest_route=\/wp\/v2\/posts"}],"about":[{"href":"https:\/\/verserzaehler.wababbel.de\/index.php?rest_route=\/wp\/v2\/types\/post"}],"author":[{"embeddable":true,"href":"https:\/\/verserzaehler.wababbel.de\/index.php?rest_route=\/wp\/v2\/users\/15"}],"replies":[{"embeddable":true,"href":"https:\/\/verserzaehler.wababbel.de\/index.php?rest_route=%2Fwp%2Fv2%2Fcomments&post=3422"}],"version-history":[{"count":3,"href":"https:\/\/verserzaehler.wababbel.de\/index.php?rest_route=\/wp\/v2\/posts\/3422\/revisions"}],"predecessor-version":[{"id":3427,"href":"https:\/\/verserzaehler.wababbel.de\/index.php?rest_route=\/wp\/v2\/posts\/3422\/revisions\/3427"}],"wp:attachment":[{"href":"https:\/\/verserzaehler.wababbel.de\/index.php?rest_route=%2Fwp%2Fv2%2Fmedia&parent=3422"}],"wp:term":[{"taxonomy":"category","embeddable":true,"href":"https:\/\/verserzaehler.wababbel.de\/index.php?rest_route=%2Fwp%2Fv2%2Fcategories&post=3422"},{"taxonomy":"post_tag","embeddable":true,"href":"https:\/\/verserzaehler.wababbel.de\/index.php?rest_route=%2Fwp%2Fv2%2Ftags&post=3422"}],"curies":[{"name":"wp","href":"https:\/\/api.w.org\/{rel}","templated":true}]}}