{"id":5408,"date":"2015-11-10T00:17:58","date_gmt":"2015-11-09T22:17:58","guid":{"rendered":"http:\/\/www.wababbel.de\/ferdi\/?p=5408"},"modified":"2015-11-10T00:19:05","modified_gmt":"2015-11-09T22:19:05","slug":"mit-versen-erzaehlen-8","status":"publish","type":"post","link":"https:\/\/verserzaehler.wababbel.de\/?p=5408","title":{"rendered":"Mit Versen erz\u00e4hlen!? (8)"},"content":{"rendered":"<p>In fr\u00fcheren Zeiten hat man sich \u00fcber das epische Erz\u00e4hlen mit Versen viele Gedanken gemacht. Gustav Freytag etwa hat in &#8222;Neue epische Dichtungen auf dem deutschen B\u00fcchermarkt&#8220; erst \u00fcber den dazu passenden Vers nachgedacht &#8211; und fast alle Versarten ausgechlossen, zum Beispiel:<\/p>\n<p><em>Der Hexameter ist einst bei einem fremden Volk aus Klangverh\u00e4ltnissen der Wortsilben entstanden, die wir durch unsere Hebungen und Senkungen nur unvollst\u00e4ndig nachahmen k\u00f6nnen, er macht, wenn seine Schulregeln streng beobachtet werden, den Redegang unvermeidlich steif und geschraubt und er wird durch den troch\u00e4ischen Fall, den er im Deutschen erh\u00e4lt, bei nachl\u00e4ssiger Behandlung nur zu leicht einf\u00f6rmig. Es geh\u00f6rte der feine Sprachsinn Goethes dazu, ihn mit Freiheit zu gebrauchen.<\/em><\/p>\n<p>\u00dcbrig bleibt am Ende noch der f\u00fcnfhebige Iambus. Freytag:<\/p>\n<p class=\"text\"><em>Er hat am wenigsten Farbe und l\u00e4sst sich wohl mit den durchsichtigen Lasuren der Malerei vergleichen, welche \u00fcber jeden Farbenton des Stoffes gezogen werden k\u00f6nnen. Es sind feine Wirkungen mit ihm hervorzubringen, aber er verlangt eine sch\u00f6pferische Kraft, welche ihn geschickt dem jedesmaligen Stoff anzupassen wei\u00df. Auch bei ihm sind f\u00fcr einen jungen Dichter Schwierigkeiten zu \u00fcberwinden; zun\u00e4chst macht gerade sein durchsichtiger, nie stark in das Ohr fallender Rhythmus eine gro\u00dfe Herrschaft \u00fcber die Sprache n\u00f6tig. Gerade bei ihm ist die Behandlung der Z\u00e4suren, das Ma\u00df der rhythmischen Freiheiten, die Verwendung m\u00e4nnlicher oder weiblicher Ausg\u00e4nge und die Benutzung des Reims von gro\u00dfem Einfluss auf seinen Charakter, und jede Unbehilflichkeit des Dichters, die bei andern Versen eher durch den Klang des Metrums und des Reims \u00fcberdeckt wird, tritt an ihm unverh\u00fcllt zu Tage.<\/em><\/p>\n<p class=\"text\">&#8230; Da ist was dran! Aber auch \u00fcber die Art, wie der Vers mit Inhalt gef\u00fcllt werden sollte, und mit welchem Inhalt: wei\u00df Freytag zutreffendes anzumerken.<\/p>\n<p class=\"text\"><em>Der Vers ist ein schlechter \u00dcberzug f\u00fcr eine Erz\u00e4hlung ohne Interesse, ohne Zusammenhang und logische Folgerichtigkeit. Wer in Versen erz\u00e4hlt, wird auch in der Auswahl der charakterisierenden Momente, durch welche er schildern oder stimmen will, gro\u00dfe Sicherheit besitzen m\u00fcssen, denn ihm stehen verh\u00e4ltnism\u00e4\u00dfig weniger Momente zu Gebote, als dem Erz\u00e4hler in Prosa. Ein einzelnes Bild muss oft die St\u00e4rke einer leidenschaftlichen Bewegung, zwei, drei kleine Striche vielleicht eine \u00d6rtlichkeit, zum Beispiel einen landschaftlichen Hintergrund, lebendig vorf\u00fchren. Wenn das Gem\u00fct des Dichters das Zweckm\u00e4\u00dfige hier nicht kr\u00e4ftig empfindet, wird aller Wortreichtum unn\u00fctz sein. Der Vers unterst\u00fctzt in gro\u00dfartiger Weise die Wirkung einer richtig empfundenen Charakteristik, weil er das wahr Empfundene viel vornehmer zu sagen vermag, als der prosaische Satz, aber er wird peinlich, wenn er den Mangel solcher Empfindung durch sein Geklapper ersetzen soll. Und grade sein Klang verf\u00fchrt leicht zur Phrase.<\/em><\/p>\n<p class=\"text\">Das F\u00fcr und Wider der Verserz\u00e4hlung, knapp aber klar auf den Punkt gebracht!<\/p>\n","protected":false},"excerpt":{"rendered":"<p>In fr\u00fcheren Zeiten hat man sich \u00fcber das epische Erz\u00e4hlen mit Versen viele Gedanken gemacht. Gustav Freytag etwa hat in &#8222;Neue epische Dichtungen auf dem deutschen B\u00fcchermarkt&#8220; erst \u00fcber den dazu passenden Vers nachgedacht &#8211; und fast alle Versarten ausgechlossen, zum Beispiel: Der Hexameter ist einst bei einem fremden Volk aus Klangverh\u00e4ltnissen der Wortsilben entstanden,&#8230; <a class=\"more-link\" href=\"https:\/\/verserzaehler.wababbel.de\/?p=5408\">Read More <span class=\"screen-reader-text\"> in Mit Versen erz\u00e4hlen!? (8)<\/span><\/a><\/p>\n","protected":false},"author":15,"featured_media":0,"comment_status":"open","ping_status":"open","sticky":false,"template":"","format":"standard","meta":{"footnotes":""},"categories":[],"tags":[],"class_list":["post-5408","post","type-post","status-publish","format-standard","hentry"],"_links":{"self":[{"href":"https:\/\/verserzaehler.wababbel.de\/index.php?rest_route=\/wp\/v2\/posts\/5408","targetHints":{"allow":["GET"]}}],"collection":[{"href":"https:\/\/verserzaehler.wababbel.de\/index.php?rest_route=\/wp\/v2\/posts"}],"about":[{"href":"https:\/\/verserzaehler.wababbel.de\/index.php?rest_route=\/wp\/v2\/types\/post"}],"author":[{"embeddable":true,"href":"https:\/\/verserzaehler.wababbel.de\/index.php?rest_route=\/wp\/v2\/users\/15"}],"replies":[{"embeddable":true,"href":"https:\/\/verserzaehler.wababbel.de\/index.php?rest_route=%2Fwp%2Fv2%2Fcomments&post=5408"}],"version-history":[{"count":3,"href":"https:\/\/verserzaehler.wababbel.de\/index.php?rest_route=\/wp\/v2\/posts\/5408\/revisions"}],"predecessor-version":[{"id":5411,"href":"https:\/\/verserzaehler.wababbel.de\/index.php?rest_route=\/wp\/v2\/posts\/5408\/revisions\/5411"}],"wp:attachment":[{"href":"https:\/\/verserzaehler.wababbel.de\/index.php?rest_route=%2Fwp%2Fv2%2Fmedia&parent=5408"}],"wp:term":[{"taxonomy":"category","embeddable":true,"href":"https:\/\/verserzaehler.wababbel.de\/index.php?rest_route=%2Fwp%2Fv2%2Fcategories&post=5408"},{"taxonomy":"post_tag","embeddable":true,"href":"https:\/\/verserzaehler.wababbel.de\/index.php?rest_route=%2Fwp%2Fv2%2Ftags&post=5408"}],"curies":[{"name":"wp","href":"https:\/\/api.w.org\/{rel}","templated":true}]}}