{"id":5421,"date":"2015-11-14T00:29:32","date_gmt":"2015-11-13T22:29:32","guid":{"rendered":"http:\/\/www.wababbel.de\/ferdi\/?p=5421"},"modified":"2015-11-14T19:53:36","modified_gmt":"2015-11-14T17:53:36","slug":"erzaehlverse-der-blankvers-72","status":"publish","type":"post","link":"https:\/\/verserzaehler.wababbel.de\/?p=5421","title":{"rendered":"Erz\u00e4hlverse: Der Blankvers (72)"},"content":{"rendered":"<p>In Ferdinand von Saars &#8222;Die Kuh&#8220; durchwandert das &#8222;Ich&#8220; einen sonnigen Herbstmorgen, als die Idylle j\u00e4h unterbrochen wird:<\/p>\n<p>&nbsp;<\/p>\n<p>Da h\u00f6rt&#8216; ich lauten Aufschrei \u2013 und gewahrte,<br \/>\nWie eine Kuh aus nied&#8217;rem Koben brach \u2013<br \/>\nUnd hinterdrein, halbw\u00fcchsig kaum, ein M\u00e4dchen,<br \/>\nDas wie in Todesangst den Schweif des Tiers<br \/>\nUmklammert hielt, um es am Flieh&#8217;n zu hindern.<br \/>\nZu schwach doch war der \u00c4rmsten Kraft; geschleift<br \/>\nAuf steilem Abhang, lie\u00df sie endlich los,<br \/>\nDieweil Frau Bl\u00e4sse rasch mit tollen S\u00e4tzen<br \/>\nFeldeinw\u00e4rts sprang. (&#8230;)<\/p>\n<p>&nbsp;<\/p>\n<p>Das M\u00e4dchen wird vom eigentlichen W\u00e4chter aufs heftigste beschimpft; der Schluss der Tirade:<\/p>\n<p>&nbsp;<\/p>\n<p>&#8222;Nun auf! Nun lauf und bring&#8216; sie mir zur\u00fcck \u2013<br \/>\nWenn dir dein Leben lieb ist, Gottverfluchte!&#8220;<br \/>\nSo schrie er wild und mit geballten F\u00e4usten,<br \/>\nNach Odem ringend, in ohnm\u00e4cht&#8217;ger Wut.<\/p>\n<p>&nbsp;<\/p>\n<p>Entz\u00fcckend. Das &#8222;Ich&#8220; ist ratlos, wird dann aber der Notwendigkeit einer Entscheidung enthoben!<\/p>\n<p>&nbsp;<\/p>\n<p>Ich selber \u2013 ratlos stand ich; wusste nicht,<br \/>\nSollt&#8216; ich den Mann beg\u00fct&#8217;gen, sollt&#8216; ich rasch<br \/>\nStatt jener armen Kleinen nach der Kuh<br \/>\nIn Lauf mich setzen \u2013 als ich pl\u00f6tzlich sah,<br \/>\nWie diese, gleichsam sich besinnend, anhielt,<br \/>\nDann, leichthin t\u00e4nzelnd, wie nur K\u00fche t\u00e4nzeln,<br \/>\nDen Schweif gehoben, sich zur Heimkehr wandte<br \/>\nUnd munt&#8217;ren Br\u00fcllens nach dem Koben lief,<br \/>\nDen Jammer endend, den sie wachgerufen &#8230;<\/p>\n<p>&nbsp;<\/p>\n<p>Ich bin nicht sicher, ob das ein gutes Gedicht ist; aber die letzten f\u00fcnf Verse haben mich doch sehr f\u00fcr den Text eingenommen! Da bewegt sich die Sprache so geschickt und anmutig, und die Vorstellung ist so klar vermittelt, dass man einfach ganz und gar aufgeht im Geschilderten!<\/p>\n<p>(Wer noch auf ein anderes Beispiel f\u00fcr &#8222;die Kuh in der Verserz\u00e4hlung&#8220; neugierig ist, kann bei <a href=\"http:\/\/www.wababbel.de\/ferdi\/2014\/04\/26\/erzaehlverse-der-hexameter-33\/\" target=\"_blank\">Hexameter (33)<\/a> vorbeischauen!)<\/p>\n","protected":false},"excerpt":{"rendered":"<p>In Ferdinand von Saars &#8222;Die Kuh&#8220; durchwandert das &#8222;Ich&#8220; einen sonnigen Herbstmorgen, als die Idylle j\u00e4h unterbrochen wird: &nbsp; Da h\u00f6rt&#8216; ich lauten Aufschrei \u2013 und gewahrte, Wie eine Kuh aus nied&#8217;rem Koben brach \u2013 Und hinterdrein, halbw\u00fcchsig kaum, ein M\u00e4dchen, Das wie in Todesangst den Schweif des Tiers Umklammert hielt, um es am Flieh&#8217;n&#8230; <a class=\"more-link\" href=\"https:\/\/verserzaehler.wababbel.de\/?p=5421\">Read More <span class=\"screen-reader-text\"> in Erz\u00e4hlverse: Der Blankvers (72)<\/span><\/a><\/p>\n","protected":false},"author":15,"featured_media":0,"comment_status":"open","ping_status":"open","sticky":false,"template":"","format":"standard","meta":{"footnotes":""},"categories":[],"tags":[],"class_list":["post-5421","post","type-post","status-publish","format-standard","hentry"],"_links":{"self":[{"href":"https:\/\/verserzaehler.wababbel.de\/index.php?rest_route=\/wp\/v2\/posts\/5421","targetHints":{"allow":["GET"]}}],"collection":[{"href":"https:\/\/verserzaehler.wababbel.de\/index.php?rest_route=\/wp\/v2\/posts"}],"about":[{"href":"https:\/\/verserzaehler.wababbel.de\/index.php?rest_route=\/wp\/v2\/types\/post"}],"author":[{"embeddable":true,"href":"https:\/\/verserzaehler.wababbel.de\/index.php?rest_route=\/wp\/v2\/users\/15"}],"replies":[{"embeddable":true,"href":"https:\/\/verserzaehler.wababbel.de\/index.php?rest_route=%2Fwp%2Fv2%2Fcomments&post=5421"}],"version-history":[{"count":3,"href":"https:\/\/verserzaehler.wababbel.de\/index.php?rest_route=\/wp\/v2\/posts\/5421\/revisions"}],"predecessor-version":[{"id":5424,"href":"https:\/\/verserzaehler.wababbel.de\/index.php?rest_route=\/wp\/v2\/posts\/5421\/revisions\/5424"}],"wp:attachment":[{"href":"https:\/\/verserzaehler.wababbel.de\/index.php?rest_route=%2Fwp%2Fv2%2Fmedia&parent=5421"}],"wp:term":[{"taxonomy":"category","embeddable":true,"href":"https:\/\/verserzaehler.wababbel.de\/index.php?rest_route=%2Fwp%2Fv2%2Fcategories&post=5421"},{"taxonomy":"post_tag","embeddable":true,"href":"https:\/\/verserzaehler.wababbel.de\/index.php?rest_route=%2Fwp%2Fv2%2Ftags&post=5421"}],"curies":[{"name":"wp","href":"https:\/\/api.w.org\/{rel}","templated":true}]}}