{"id":5442,"date":"2015-11-18T00:20:55","date_gmt":"2015-11-17T22:20:55","guid":{"rendered":"http:\/\/www.wababbel.de\/ferdi\/?p=5442"},"modified":"2015-11-18T00:22:07","modified_gmt":"2015-11-17T22:22:07","slug":"der-prosaische-rhythmus","status":"publish","type":"post","link":"https:\/\/verserzaehler.wababbel.de\/?p=5442","title":{"rendered":"Der prosaische Rhythmus"},"content":{"rendered":"<p>Ein kurzer Abstecher zur Prosa. Geschrieben hat die folgenden S\u00e4tze Jean Paul, zu finden sind sie in seiner &#8222;Vorschule der \u00c4sthetik&#8220;:<\/p>\n<p><em>Freilich gibt es einen prosaischen Rhythmus; aber f\u00fcr jedes Buch und jeden Autor einen andern und ungesuchten; denn wie die Begeisterung des Dichters von selber melodisch wird, so wird die Begeisterung gro\u00dfer Menschen, von einem Luther an bis zu Lessing und Herder her\u00fcber, unwillk\u00fcrlich rhythmisch. Ist nur einmal ein lebendiger und kein gefrorner Gedankenstrom da, so wird er schon rauschen; ist nur einmal F\u00fclle und Sturm zugleich in einer Seele: so wird er schon brausen, wenn er durch den Wald zieht, oder s\u00e4useln, wenn er sich durch Blumen spielt.<\/em><\/p>\n<p>Sch\u00f6n gesagt! Ich lese ja nicht mehr viel Prosa; aber bei Jean Paul kann man immer die Nase reinstecken &#8230; Und viel von dem, was er in der &#8222;Vorschule&#8220; sagt, ist auch auf den Vers anwendbar:<\/p>\n<p><em>Je mehr Kraft ein Werk hat, desto mehr Klang vertr\u00e4gts; der Widerhall geh\u00f6rt in gro\u00dfe weite Geb\u00e4ude, nicht in Stuben.<\/em><\/p>\n<p>Jawoll! So isses!<\/p>\n","protected":false},"excerpt":{"rendered":"<p>Ein kurzer Abstecher zur Prosa. Geschrieben hat die folgenden S\u00e4tze Jean Paul, zu finden sind sie in seiner &#8222;Vorschule der \u00c4sthetik&#8220;: Freilich gibt es einen prosaischen Rhythmus; aber f\u00fcr jedes Buch und jeden Autor einen andern und ungesuchten; denn wie die Begeisterung des Dichters von selber melodisch wird, so wird die Begeisterung gro\u00dfer Menschen, von&#8230; <a class=\"more-link\" href=\"https:\/\/verserzaehler.wababbel.de\/?p=5442\">Read More <span class=\"screen-reader-text\"> in Der prosaische Rhythmus<\/span><\/a><\/p>\n","protected":false},"author":15,"featured_media":0,"comment_status":"open","ping_status":"open","sticky":false,"template":"","format":"standard","meta":{"footnotes":""},"categories":[],"tags":[],"class_list":["post-5442","post","type-post","status-publish","format-standard","hentry"],"_links":{"self":[{"href":"https:\/\/verserzaehler.wababbel.de\/index.php?rest_route=\/wp\/v2\/posts\/5442","targetHints":{"allow":["GET"]}}],"collection":[{"href":"https:\/\/verserzaehler.wababbel.de\/index.php?rest_route=\/wp\/v2\/posts"}],"about":[{"href":"https:\/\/verserzaehler.wababbel.de\/index.php?rest_route=\/wp\/v2\/types\/post"}],"author":[{"embeddable":true,"href":"https:\/\/verserzaehler.wababbel.de\/index.php?rest_route=\/wp\/v2\/users\/15"}],"replies":[{"embeddable":true,"href":"https:\/\/verserzaehler.wababbel.de\/index.php?rest_route=%2Fwp%2Fv2%2Fcomments&post=5442"}],"version-history":[{"count":3,"href":"https:\/\/verserzaehler.wababbel.de\/index.php?rest_route=\/wp\/v2\/posts\/5442\/revisions"}],"predecessor-version":[{"id":5445,"href":"https:\/\/verserzaehler.wababbel.de\/index.php?rest_route=\/wp\/v2\/posts\/5442\/revisions\/5445"}],"wp:attachment":[{"href":"https:\/\/verserzaehler.wababbel.de\/index.php?rest_route=%2Fwp%2Fv2%2Fmedia&parent=5442"}],"wp:term":[{"taxonomy":"category","embeddable":true,"href":"https:\/\/verserzaehler.wababbel.de\/index.php?rest_route=%2Fwp%2Fv2%2Fcategories&post=5442"},{"taxonomy":"post_tag","embeddable":true,"href":"https:\/\/verserzaehler.wababbel.de\/index.php?rest_route=%2Fwp%2Fv2%2Ftags&post=5442"}],"curies":[{"name":"wp","href":"https:\/\/api.w.org\/{rel}","templated":true}]}}